{"id":152,"date":"2025-03-06T10:15:58","date_gmt":"2025-03-06T10:15:58","guid":{"rendered":"https:\/\/creddi.uniecampus.it\/?p=152"},"modified":"2025-03-06T10:22:45","modified_gmt":"2025-03-06T10:22:45","slug":"farnaz-farahi-a-didacta","status":"publish","type":"post","link":"https:\/\/creddi.uniecampus.it\/index.php\/2025\/03\/06\/farnaz-farahi-a-didacta\/","title":{"rendered":"Farnaz Farahi a Didacta"},"content":{"rendered":"\n<figure class=\"wp-block-image size-large is-resized\"><img loading=\"lazy\" decoding=\"async\" width=\"728\" height=\"1024\" src=\"https:\/\/creddi.uniecampus.it\/wp-content\/uploads\/2025\/03\/Screenshot-2025-03-05-alle-09.56.06-1-728x1024.png\" alt=\"\" class=\"wp-image-142\" style=\"width:446px;height:auto\" srcset=\"https:\/\/creddi.uniecampus.it\/wp-content\/uploads\/2025\/03\/Screenshot-2025-03-05-alle-09.56.06-1-728x1024.png 728w, https:\/\/creddi.uniecampus.it\/wp-content\/uploads\/2025\/03\/Screenshot-2025-03-05-alle-09.56.06-1-213x300.png 213w, https:\/\/creddi.uniecampus.it\/wp-content\/uploads\/2025\/03\/Screenshot-2025-03-05-alle-09.56.06-1-768x1080.png 768w, https:\/\/creddi.uniecampus.it\/wp-content\/uploads\/2025\/03\/Screenshot-2025-03-05-alle-09.56.06-1.png 1084w\" sizes=\"auto, (max-width: 728px) 100vw, 728px\" \/><\/figure>\n\n\n\n<p class=\"has-text-align-justify has-text-align-justify\">Venerd\u00ec 14 marzo 2025, dalle ore 9.30, la Sala Seminari S10 della Fortezza da Basso di Firenze ospiter\u00e0 un evento di grande rilevanza culturale e pedagogica: la presentazione del volume&nbsp;<em>Iran, realt\u00e0 sociale e questione femminile: modelli pedagogici e spunti autobiografici<\/em>&nbsp;di Farnaz Farahi, vincitore del Premio italiano di Pedagogia 2025 della Societ\u00e0 Italiana di Pedagogia (S.I.PED.).<\/p>\n\n\n\n<p class=\"has-text-align-justify has-text-align-justify\">L\u2019autrice, pedagogista e&nbsp;membro di CREDDI&nbsp;dell\u2019Universit\u00e0 eCampus, intreccia memoria personale e analisi storica per raccontare la condizione femminile e il sistema educativo in Iran. Dall\u2019infanzia vissuta durante la Rivoluzione Islamica fino all\u2019emigrazione in Italia, il libro affronta temi cruciali come il velo, i modelli educativi e il ruolo delle donne nella societ\u00e0 iraniana, avvalendosi anche di testimonianze dirette.<\/p>\n\n\n\n<p class=\"has-text-align-justify has-text-align-justify\">L\u2019evento sar\u00e0 introdotto da&nbsp;<strong>Eugenio Giani<\/strong>, Presidente della Regione Toscana, e vedr\u00e0 l\u2019intervento della stessa&nbsp;<strong>Farnaz Farahi<\/strong>. Il libro propone una riflessione pedagogica al femminile, decostruendo stereotipi e offrendo spunti preziosi per l\u2019educazione interculturale e di genere.<\/p>\n\n\n\n<p class=\"has-text-align-justify has-text-align-justify\">La partecipazione \u00e8 gratuita, ma \u00e8 necessaria la prenotazione sul sito di Didacta Italia:<br><a href=\"https:\/\/exhibitor.fieradidacta.it\/eventi\/8322-iran-realta-sociale-e-questione-femminile-modelli-pedagogici-e-spunti-autobiografici\" target=\"_blank\" rel=\"noreferrer noopener\"><strong>Prenota qui<\/strong><\/a> <\/p>\n","protected":false},"excerpt":{"rendered":"<p>Venerd\u00ec 14 marzo 2025, dalle ore 9.30, la Sala Seminari S10 della Fortezza da Basso di Firenze ospiter\u00e0 un evento di grande rilevanza culturale e pedagogica: la presentazione del volume&nbsp;Iran, realt\u00e0 sociale e questione femminile: modelli pedagogici e spunti autobiografici&nbsp;di Farnaz Farahi, vincitore del Premio italiano di Pedagogia 2025 della Societ\u00e0 Italiana di Pedagogia (S.I.PED.). &hellip; <a href=\"https:\/\/creddi.uniecampus.it\/index.php\/2025\/03\/06\/farnaz-farahi-a-didacta\/\" class=\"more-link\">Continue reading <span class=\"screen-reader-text\">Farnaz Farahi a Didacta<\/span> <span class=\"meta-nav\">&rarr;<\/span><\/a><\/p>\n","protected":false},"author":4,"featured_media":0,"comment_status":"closed","ping_status":"closed","sticky":false,"template":"","format":"standard","meta":{"footnotes":""},"categories":[1],"tags":[],"class_list":["post-152","post","type-post","status-publish","format-standard","hentry","category-uncategorized"],"_links":{"self":[{"href":"https:\/\/creddi.uniecampus.it\/index.php\/wp-json\/wp\/v2\/posts\/152","targetHints":{"allow":["GET"]}}],"collection":[{"href":"https:\/\/creddi.uniecampus.it\/index.php\/wp-json\/wp\/v2\/posts"}],"about":[{"href":"https:\/\/creddi.uniecampus.it\/index.php\/wp-json\/wp\/v2\/types\/post"}],"author":[{"embeddable":true,"href":"https:\/\/creddi.uniecampus.it\/index.php\/wp-json\/wp\/v2\/users\/4"}],"replies":[{"embeddable":true,"href":"https:\/\/creddi.uniecampus.it\/index.php\/wp-json\/wp\/v2\/comments?post=152"}],"version-history":[{"count":1,"href":"https:\/\/creddi.uniecampus.it\/index.php\/wp-json\/wp\/v2\/posts\/152\/revisions"}],"predecessor-version":[{"id":153,"href":"https:\/\/creddi.uniecampus.it\/index.php\/wp-json\/wp\/v2\/posts\/152\/revisions\/153"}],"wp:attachment":[{"href":"https:\/\/creddi.uniecampus.it\/index.php\/wp-json\/wp\/v2\/media?parent=152"}],"wp:term":[{"taxonomy":"category","embeddable":true,"href":"https:\/\/creddi.uniecampus.it\/index.php\/wp-json\/wp\/v2\/categories?post=152"},{"taxonomy":"post_tag","embeddable":true,"href":"https:\/\/creddi.uniecampus.it\/index.php\/wp-json\/wp\/v2\/tags?post=152"}],"curies":[{"name":"wp","href":"https:\/\/api.w.org\/{rel}","templated":true}]}}