{"id":285,"date":"2025-07-09T04:42:58","date_gmt":"2025-07-09T04:42:58","guid":{"rendered":"https:\/\/creddi.uniecampus.it\/?p=285"},"modified":"2025-07-09T04:42:59","modified_gmt":"2025-07-09T04:42:59","slug":"udl-tecnologie-e-ruolo-del-docente-unindagine-esplorativa","status":"publish","type":"post","link":"https:\/\/creddi.uniecampus.it\/index.php\/2025\/07\/09\/udl-tecnologie-e-ruolo-del-docente-unindagine-esplorativa\/","title":{"rendered":"UDL, tecnologie e ruolo del docente: un\u2019indagine esplorativa"},"content":{"rendered":"\n<p>Daniela\u00a0Maggi\u00a0ed Antonio Balestra hanno presentato a REN un&#8217;interessante indagine esplorativa sul potenziale del paradigma Universal Design for Learning (UDL) nell\u2019innovazione delle pratiche didattiche, attraverso l\u2019analisi delle percezioni di 1.092 docenti coinvolti nei corsi\u00a0abilitanti docenti\u00a030 CFU\u00a0ex art.13,\u00a0dell\u2019Universit\u00e0\u00a0eCAmpus. Lo studio si concentra su tre dimensioni: autoefficacia tecnologica, strategie inclusive ispirate all\u2019UDL e pratiche di co-docenza. I risultati mettono in luce una correlazione significativa tra la qualit\u00e0 della formazione ricevuta e l\u2019uso consapevole di risorse digitali progettate secondo la logica UDL. Emergono tuttavia criticit\u00e0 legate alla disomogeneit\u00e0 delle competenze digitali e alla scarsit\u00e0 di materiali effettivamente accessibili e flessibili. Il supporto tecnico e i momenti di formazione sono generalmente valutati positivamente, ma l\u2019accesso a risorse didattiche coerenti con l\u2019approccio UDL risulta ancora limitato.\u00a0La collaborazione tra docenti si mostra occasionale e poco strutturata, con ridotta pianificazione condivisa e impiego limitato di ambienti collaborativi. Gli autori suggeriscono l\u2019attivazione di laboratori di co-progettazione,\u00a0mentoring\u00a0tra pari e comunit\u00e0 professionali di apprendimento per promuovere un\u2019integrazione sistemica dei principi UDL nella didattica quotidiana.<\/p>\n\n\n\n<p>Potete trovare gli atti completi al seguente link: <a href=\"https:\/\/lnkd.in\/ess3vYxH\">https:\/\/lnkd.in\/ess3vYxH<\/a><\/p>\n","protected":false},"excerpt":{"rendered":"<p>Daniela\u00a0Maggi\u00a0ed Antonio Balestra hanno presentato a REN un&#8217;interessante indagine esplorativa sul potenziale del paradigma Universal Design for Learning (UDL) nell\u2019innovazione delle pratiche didattiche, attraverso l\u2019analisi delle percezioni di 1.092 docenti coinvolti nei corsi\u00a0abilitanti docenti\u00a030 CFU\u00a0ex art.13,\u00a0dell\u2019Universit\u00e0\u00a0eCAmpus. Lo studio si concentra su tre dimensioni: autoefficacia tecnologica, strategie inclusive ispirate all\u2019UDL e pratiche di co-docenza. I risultati &hellip; <a href=\"https:\/\/creddi.uniecampus.it\/index.php\/2025\/07\/09\/udl-tecnologie-e-ruolo-del-docente-unindagine-esplorativa\/\" class=\"more-link\">Continue reading <span class=\"screen-reader-text\">UDL, tecnologie e ruolo del docente: un\u2019indagine esplorativa<\/span> <span class=\"meta-nav\">&rarr;<\/span><\/a><\/p>\n","protected":false},"author":4,"featured_media":0,"comment_status":"closed","ping_status":"closed","sticky":false,"template":"","format":"standard","meta":{"footnotes":""},"categories":[1],"tags":[],"class_list":["post-285","post","type-post","status-publish","format-standard","hentry","category-uncategorized"],"_links":{"self":[{"href":"https:\/\/creddi.uniecampus.it\/index.php\/wp-json\/wp\/v2\/posts\/285","targetHints":{"allow":["GET"]}}],"collection":[{"href":"https:\/\/creddi.uniecampus.it\/index.php\/wp-json\/wp\/v2\/posts"}],"about":[{"href":"https:\/\/creddi.uniecampus.it\/index.php\/wp-json\/wp\/v2\/types\/post"}],"author":[{"embeddable":true,"href":"https:\/\/creddi.uniecampus.it\/index.php\/wp-json\/wp\/v2\/users\/4"}],"replies":[{"embeddable":true,"href":"https:\/\/creddi.uniecampus.it\/index.php\/wp-json\/wp\/v2\/comments?post=285"}],"version-history":[{"count":1,"href":"https:\/\/creddi.uniecampus.it\/index.php\/wp-json\/wp\/v2\/posts\/285\/revisions"}],"predecessor-version":[{"id":286,"href":"https:\/\/creddi.uniecampus.it\/index.php\/wp-json\/wp\/v2\/posts\/285\/revisions\/286"}],"wp:attachment":[{"href":"https:\/\/creddi.uniecampus.it\/index.php\/wp-json\/wp\/v2\/media?parent=285"}],"wp:term":[{"taxonomy":"category","embeddable":true,"href":"https:\/\/creddi.uniecampus.it\/index.php\/wp-json\/wp\/v2\/categories?post=285"},{"taxonomy":"post_tag","embeddable":true,"href":"https:\/\/creddi.uniecampus.it\/index.php\/wp-json\/wp\/v2\/tags?post=285"}],"curies":[{"name":"wp","href":"https:\/\/api.w.org\/{rel}","templated":true}]}}